{"id":3337,"date":"2025-10-17T12:00:00","date_gmt":"2025-10-17T10:00:00","guid":{"rendered":"https:\/\/www.pilsa.com\/info\/?p=3337"},"modified":"2025-10-17T14:30:34","modified_gmt":"2025-10-17T12:30:34","slug":"vajillas-que-abrazan-el-otono-tendencias-y-propuestas-destacadas","status":"publish","type":"post","link":"https:\/\/www.pilsa.com\/info\/es\/vajillas-que-abrazan-el-otono-tendencias-y-propuestas-destacadas\/","title":{"rendered":"Vajillas que abrazan el oto\u00f1o: tendencias y propuestas destacadas"},"content":{"rendered":"\n<p class=\"has-medium-font-size\">Cuando el oto\u00f1o asoma con sus tonos c\u00e1lidos, texturas naturales y atm\u00f3sferas acogedoras, nuestra mesa tambi\u00e9n puede adaptarse al ambiente estacional. Elegir una vajilla adecuada para esta \u00e9poca va m\u00e1s all\u00e1 de lo visual: influye en la sensaci\u00f3n del comensal, el protagonismo del plato y la armon\u00eda general de la mesa.<\/p>\n\n\n\n<div style=\"height:20px\" aria-hidden=\"true\" class=\"wp-block-spacer\"><\/div>\n\n\n\n<p class=\"has-medium-font-size\"><strong>Claves para elegir una buena vajilla oto\u00f1al<\/strong><\/p>\n\n\n\n<p>Antes de elegir una vajilla espec\u00edfica, conviene tener en cuenta qu\u00e9 atributos favorecen esa sensaci\u00f3n oto\u00f1al:<\/p>\n\n\n\n<p><strong>Paleta de colores c\u00e1lidos y neutros.<\/strong><\/p>\n\n\n\n<p>Tonos como beiges, terracotas suaves, ocres, marrones claros, blancos rotos o gris c\u00e1lido ayudan a que los alimentos resalten y evocan la estaci\u00f3n sin competir visualmente.<\/p>\n\n\n\n<p><strong>Texturas sutiles y acabados mate o semimate<\/strong><\/p>\n\n\n\n<p>Las superficies ligeramente texturadas, esmaltados que no brillan demasiado o detalles de relieve aportan tacto e inter\u00e9s, sin distraer.<\/p>\n\n\n\n<p><strong>Formas org\u00e1nicas y bordes suaves<\/strong><\/p>\n\n\n\n<p>Mejor evitar quir\u00fargicos rect\u00e1ngulos perfectos, y optar por formas redondeadas o con ligeros rebordes, que aportan suavidad visual.<\/p>\n\n\n\n<p><strong>Versatilidad para servir m\u00faltiples platos<\/strong><\/p>\n\n\n\n<p>Una buena vajilla oto\u00f1al debe ser pr\u00e1ctica: piezas aptas para microondas, lavavajillas y compatibles con servicio profesional si es tu caso.<\/p>\n\n\n\n<p><strong>Compatibilidad con elementos decorativos<\/strong><\/p>\n\n\n\n<p>Que combine con centros de mesa (ramas secas, pi\u00f1as, hojas secas), manteler\u00eda natural (lino, yute) o elementos decorativos oto\u00f1ales.<\/p>\n\n\n\n<div style=\"height:20px\" aria-hidden=\"true\" class=\"wp-block-spacer\"><\/div>\n\n\n\n<p class=\"has-medium-font-size\"><strong>Combinaciones ganadoras para una mesa oto\u00f1al inspiradora<\/strong>&nbsp;<\/p>\n\n\n\n<p>La magia de una mesa oto\u00f1al no est\u00e1 solo en la vajilla que eliges, sino en c\u00f3mo la combinas. Jugar con formatos, colores y texturas permite crear escenarios acogedores que invitan a disfrutar cada bocado. A continuaci\u00f3n, te compartimos algunas ideas para mezclar estas piezas y darles un aire \u00fanico y estacional.<\/p>\n\n\n\n<p><strong>Textiles y complementos<\/strong><\/p>\n\n\n\n<p>Usa manteles o caminos de lino en tonos arena, mostaza suave o verde seco. A\u00f1ade bajo platos de mimbre o fibras naturales, servilletas de yute o algod\u00f3n crudo y centros con hojas secas, ramas de eucalipto o ramas de robles pintadas.<\/p>\n\n\n\n<p><strong>Contraste con alimentos de temporada<\/strong><\/p>\n\n\n\n<p>Aprovecha verduras como calabazas, setas, remolachas o mermeladas caseras para ejecutar contrastes de color sobre la vajilla clara y neutra.<\/p>\n\n\n\n<p><strong>Iluminaci\u00f3n c\u00e1lida<\/strong><\/p>\n\n\n\n<p>Velas \u00e1mbar o luces suaves realzan la textura de la porcelana. Los reflejos c\u00e1lidos ayudan a que los tonos neutros no se vean \u201cfr\u00edos\u201d.<\/p>\n\n\n\n<div style=\"height:20px\" aria-hidden=\"true\" class=\"wp-block-spacer\"><\/div>\n\n\n\n<p class=\"has-medium-font-size\"><strong>Consejos finales para elegir y usar vajillas en oto\u00f1o<\/strong><\/p>\n\n\n\n<p>M\u00e1s all\u00e1 del dise\u00f1o y la inspiraci\u00f3n, hay detalles pr\u00e1cticos que marcan la diferencia al elegir y usar una vajilla en oto\u00f1o. Desde la durabilidad hasta la forma de integrarla con tu decoraci\u00f3n, estos consejos te ayudar\u00e1n a sacar el m\u00e1ximo partido a cada pieza.<\/p>\n\n\n\n<p><strong>Unifica por gama o material<\/strong><\/p>\n\n\n\n<p>Aunque mezcles gamas, procura que el tipo de porcelana, el grosor o la textura sean compatibles para que la mesa no se vea disonante.&nbsp;<\/p>\n\n\n\n<p><strong>No recargues en exceso<\/strong><\/p>\n\n\n\n<p>En oto\u00f1o, la sencillez transmite elegancia. Que haya \u201cespacio para respirar\u201d entre piezas, centros y decoraci\u00f3n.<\/p>\n\n\n\n<p><strong>Planifica por capas crom\u00e1ticas<\/strong><\/p>\n\n\n\n<p>Las vajillas neutras admiten la introducci\u00f3n puntual de color: servilletas en \u00f3xido, elementos decorativos dorados suaves, toques de cobre o madera envejecida.<\/p>\n\n\n\n<div style=\"height:21px\" aria-hidden=\"true\" class=\"wp-block-spacer\"><\/div>\n\n\n\n<p class=\"has-medium-font-size\"><strong>Nuestras recomendaciones<\/strong><\/p>\n\n\n\n<p><strong>Colecci\u00f3n Palma de Accolade<\/strong><\/p>\n\n\n\n<div>\n<p>Su decoraci\u00f3n en relieve marr\u00f3n del exterior acent\u00faa el aspecto t\u00e1ctil y visual del plato. Este esmalte brillante aporta un toque natural y aut\u00e9ntico que realza los colores y las texturas de sus platos, manteniendo una est\u00e9tica limpia y sofisticada.<\/p>\n\n\n\n<figure class=\"wp-block-image size-full is-resized\"><img decoding=\"async\" width=\"600\" height=\"600\" src=\"https:\/\/www.pilsa.com\/info\/wp-content\/uploads\/2025\/10\/blog-palma-accolade.jpg\" alt=\"\" class=\"wp-image-3343\" style=\"width:300px\" srcset=\"https:\/\/www.pilsa.com\/info\/wp-content\/uploads\/2025\/10\/blog-palma-accolade.jpg 600w, https:\/\/www.pilsa.com\/info\/wp-content\/uploads\/2025\/10\/blog-palma-accolade-300x300.jpg 300w, https:\/\/www.pilsa.com\/info\/wp-content\/uploads\/2025\/10\/blog-palma-accolade-150x150.jpg 150w\" sizes=\"(max-width: 600px) 100vw, 600px\" \/><\/figure>\n<\/div>\n\n\n\n<div>\n<div style=\"height:20px\" aria-hidden=\"true\" class=\"wp-block-spacer\"><\/div>\n\n\n\n<p><strong>Colecci\u00f3n Savanna de Accolade<\/strong><\/p>\n<\/div>\n\n\n\n<p>Su color beige natural es ideal para el oto\u00f1o ya que aporta calidez sin oscurecer la mesa. Encaja con presentaciones de entrantes, aperitivos o platos ligeros.<\/p>\n\n\n\n<figure class=\"wp-block-image size-full is-resized\"><img decoding=\"async\" width=\"600\" height=\"600\" src=\"https:\/\/www.pilsa.com\/info\/wp-content\/uploads\/2025\/10\/blog-savanna-accolade.jpg\" alt=\"\" class=\"wp-image-3345\" style=\"width:300px\" srcset=\"https:\/\/www.pilsa.com\/info\/wp-content\/uploads\/2025\/10\/blog-savanna-accolade.jpg 600w, https:\/\/www.pilsa.com\/info\/wp-content\/uploads\/2025\/10\/blog-savanna-accolade-300x300.jpg 300w, https:\/\/www.pilsa.com\/info\/wp-content\/uploads\/2025\/10\/blog-savanna-accolade-150x150.jpg 150w\" sizes=\"(max-width: 600px) 100vw, 600px\" \/><\/figure>\n\n\n\n<div style=\"height:20px\" aria-hidden=\"true\" class=\"wp-block-spacer\"><\/div>\n\n\n\n<p><strong>Colecci\u00f3n Sakura de Pioli<\/strong><\/p>\n\n\n\n<p>Si bien \u201cSakura\u201d evoca flor de cerezo (primavera), su sencillez y pureza la hacen vers\u00e1til: combinada con tonos c\u00e1lidos de oto\u00f1o (servilletas terracota, manteles r\u00fasticos) puede crear un efecto sofisticado y ligero.<\/p>\n\n\n\n<figure class=\"wp-block-image size-full is-resized\"><img decoding=\"async\" width=\"600\" height=\"600\" src=\"https:\/\/www.pilsa.com\/info\/wp-content\/uploads\/2025\/10\/blog-sakura-pioli.jpg\" alt=\"\" class=\"wp-image-3347\" style=\"width:300px\" srcset=\"https:\/\/www.pilsa.com\/info\/wp-content\/uploads\/2025\/10\/blog-sakura-pioli.jpg 600w, https:\/\/www.pilsa.com\/info\/wp-content\/uploads\/2025\/10\/blog-sakura-pioli-300x300.jpg 300w, https:\/\/www.pilsa.com\/info\/wp-content\/uploads\/2025\/10\/blog-sakura-pioli-150x150.jpg 150w\" sizes=\"(max-width: 600px) 100vw, 600px\" \/><\/figure>\n\n\n\n<div style=\"height:20px\" aria-hidden=\"true\" class=\"wp-block-spacer\"><\/div>\n\n\n\n<p><strong>Colecci\u00f3n Harvest Mediterranean Terracotta de Dudson<\/strong><\/p>\n\n\n\n<p>Perfecta para crear un estilo m\u00e1s ecl\u00e9ctico. Acabado a mano con un caracter\u00edstico borde, este r\u00fastico dise\u00f1o mediterr\u00e1neo combina a la perfecci\u00f3n con otros colores que evocan al oto\u00f1o.<\/p>\n\n\n\n<figure class=\"wp-block-image size-full is-resized\"><img decoding=\"async\" width=\"600\" height=\"600\" src=\"https:\/\/www.pilsa.com\/info\/wp-content\/uploads\/2025\/10\/blog-harvest-mediterranean-dudson.jpg\" alt=\"\" class=\"wp-image-3349\" style=\"width:300px\" srcset=\"https:\/\/www.pilsa.com\/info\/wp-content\/uploads\/2025\/10\/blog-harvest-mediterranean-dudson.jpg 600w, https:\/\/www.pilsa.com\/info\/wp-content\/uploads\/2025\/10\/blog-harvest-mediterranean-dudson-300x300.jpg 300w, https:\/\/www.pilsa.com\/info\/wp-content\/uploads\/2025\/10\/blog-harvest-mediterranean-dudson-150x150.jpg 150w\" sizes=\"(max-width: 600px) 100vw, 600px\" \/><\/figure>\n\n\n\n<div style=\"height:20px\" aria-hidden=\"true\" class=\"wp-block-spacer\"><\/div>\n\n\n\n<p>El oto\u00f1o es la temporada perfecta para renovar tu mesa y apostar por piezas que aporten calidez, textura y estilo. En <strong><a href=\"https:\/\/www.pilsa.com\/\">pilsa.com<\/a><\/strong> encontrar\u00e1s una cuidada selecci\u00f3n de vajillas ideales para esta \u00e9poca del a\u00f1o. Explora sus colecciones, compara materiales, formas y acabados, y descubre c\u00f3mo cada detalle puede transformar tus comidas en experiencias llenas de encanto.<\/p>\n\n\n\n<p>Y si no encuentras lo que est\u00e1s buscando, no te preocupes: dinos lo que necesitas <a href=\"https:\/\/www.pilsa.com\/contacto\">aqu\u00ed<\/a>.<\/p>\n","protected":false},"excerpt":{"rendered":"<p>Cuando el oto\u00f1o asoma con sus tonos c\u00e1lidos, texturas naturales y atm\u00f3sferas acogedoras, nuestra mesa tambi\u00e9n puede adaptarse al ambiente estacional. Elegir una vajilla adecuada para esta \u00e9poca va m\u00e1s all\u00e1 de lo visual: influye en la sensaci\u00f3n del comensal, el protagonismo del plato y la armon\u00eda general de la mesa. Claves para elegir una &#8230; <a title=\"Vajillas que abrazan el oto\u00f1o: tendencias y propuestas destacadas\" class=\"read-more\" href=\"https:\/\/www.pilsa.com\/info\/es\/vajillas-que-abrazan-el-otono-tendencias-y-propuestas-destacadas\/\" aria-label=\"Read more about Vajillas que abrazan el oto\u00f1o: tendencias y propuestas destacadas\">Read more<\/a><\/p>\n","protected":false},"author":2,"featured_media":3339,"comment_status":"open","ping_status":"open","sticky":false,"template":"","format":"standard","meta":{"_acf_changed":false,"iawp_total_views":11,"footnotes":""},"categories":[10,2,1],"tags":[222,217,216,24,221,215,220,219,218,214],"class_list":["post-3337","post","type-post","status-publish","format-standard","has-post-thumbnail","hentry","category-tendencias","category-blog","category-sin-categoria","tag-foodservice","tag-hospitality","tag-hosteleria-2","tag-menaje","tag-menaje-profesional","tag-otono","tag-restaurantes","tag-servicio-de-mesa","tag-tableware","tag-vajillas"],"acf":[],"_links":{"self":[{"href":"https:\/\/www.pilsa.com\/info\/es\/wp-json\/wp\/v2\/posts\/3337","targetHints":{"allow":["GET"]}}],"collection":[{"href":"https:\/\/www.pilsa.com\/info\/es\/wp-json\/wp\/v2\/posts"}],"about":[{"href":"https:\/\/www.pilsa.com\/info\/es\/wp-json\/wp\/v2\/types\/post"}],"author":[{"embeddable":true,"href":"https:\/\/www.pilsa.com\/info\/es\/wp-json\/wp\/v2\/users\/2"}],"replies":[{"embeddable":true,"href":"https:\/\/www.pilsa.com\/info\/es\/wp-json\/wp\/v2\/comments?post=3337"}],"version-history":[{"count":10,"href":"https:\/\/www.pilsa.com\/info\/es\/wp-json\/wp\/v2\/posts\/3337\/revisions"}],"predecessor-version":[{"id":3391,"href":"https:\/\/www.pilsa.com\/info\/es\/wp-json\/wp\/v2\/posts\/3337\/revisions\/3391"}],"wp:featuredmedia":[{"embeddable":true,"href":"https:\/\/www.pilsa.com\/info\/es\/wp-json\/wp\/v2\/media\/3339"}],"wp:attachment":[{"href":"https:\/\/www.pilsa.com\/info\/es\/wp-json\/wp\/v2\/media?parent=3337"}],"wp:term":[{"taxonomy":"category","embeddable":true,"href":"https:\/\/www.pilsa.com\/info\/es\/wp-json\/wp\/v2\/categories?post=3337"},{"taxonomy":"post_tag","embeddable":true,"href":"https:\/\/www.pilsa.com\/info\/es\/wp-json\/wp\/v2\/tags?post=3337"}],"curies":[{"name":"wp","href":"https:\/\/api.w.org\/{rel}","templated":true}]}}