{"id":607,"date":"2013-08-30T00:00:00","date_gmt":"2013-08-29T22:00:00","guid":{"rendered":"https:\/\/www.pilsa.com\/info\/ahora-pedro-y-lopez-es-pilsa\/"},"modified":"2025-08-25T12:28:25","modified_gmt":"2025-08-25T10:28:25","slug":"ahora-pedro-y-lopez-es-pilsa","status":"publish","type":"post","link":"https:\/\/www.pilsa.com\/info\/es\/ahora-pedro-y-lopez-es-pilsa\/","title":{"rendered":"AHORA PEDRO Y L\u00d3PEZ ES PILSA"},"content":{"rendered":"<p>Te damos la bienvenida a nuestro nuevo entorno online en un momento clave para nuestra empresa, l\u00edder en fabricaci\u00f3n de equipamiento t\u00e9cnico para hosteler\u00eda:<\/p>\n<p>Tras 50 a\u00f1os conquistando el sector con la marca Pedro y L\u00f3pez, emprendemos un nuevo camino, con un nuevo nombre, PIlsa, producto tambi\u00e9n de nuestra consolidaci\u00f3n internacional. La expansi\u00f3n de nuestros proyectos por cuatro continentes y la globalizaci\u00f3n de nuestros servicios, sin perder el car\u00e1cter personalizado y a medida que nos simboliza, ha impulsado la renovaci\u00f3n de nuestra identidad de marca; un proceso que desde ahora cuenta tambi\u00e9n con este canal online para establecer un di\u00e1logo con clientes, proveedores y colaboradores.<\/p>\n<p>A trav\u00e9s de nuestra web, www.pilsa.com, y de este blog, que es un espacio para que conozcas todas las facetas de nuestra empresa, trataremos de ofrecer una visi\u00f3n amplia de nuestra actividad, mostrando los proyectos a medida m\u00e1s interesantes que firma ahora PIlsa y, tambi\u00e9n, ofreciendo informaci\u00f3n destacada del sector, de proyectos propios y, tambi\u00e9n, de nuestros nuevos pasos como fabricantes aliados a la tecnolog\u00eda.<\/p>\n<p>Bienvenido a Pilsa.<\/p>\n","protected":false},"excerpt":{"rendered":"<p>Te damos la bienvenida a nuestro nuevo entorno online en un momento clave para nuestra empresa, l\u00edder en fabricaci\u00f3n de equipamiento t\u00e9cnico para hosteler\u00eda: Tras 50 a\u00f1os conquistando el sector con la marca Pedro y L\u00f3pez, emprendemos un nuevo camino, con un nuevo nombre, PIlsa, producto tambi\u00e9n de nuestra consolidaci\u00f3n internacional. La expansi\u00f3n de nuestros &#8230; <a title=\"AHORA PEDRO Y L\u00d3PEZ ES PILSA\" class=\"read-more\" href=\"https:\/\/www.pilsa.com\/info\/es\/ahora-pedro-y-lopez-es-pilsa\/\" aria-label=\"Read more about AHORA PEDRO Y L\u00d3PEZ ES PILSA\">Read more<\/a><\/p>\n","protected":false},"author":1,"featured_media":608,"comment_status":"open","ping_status":"open","sticky":false,"template":"","format":"standard","meta":{"_acf_changed":false,"iawp_total_views":38,"footnotes":""},"categories":[1],"tags":[],"class_list":["post-607","post","type-post","status-publish","format-standard","has-post-thumbnail","hentry","category-sin-categoria"],"acf":[],"_links":{"self":[{"href":"https:\/\/www.pilsa.com\/info\/es\/wp-json\/wp\/v2\/posts\/607","targetHints":{"allow":["GET"]}}],"collection":[{"href":"https:\/\/www.pilsa.com\/info\/es\/wp-json\/wp\/v2\/posts"}],"about":[{"href":"https:\/\/www.pilsa.com\/info\/es\/wp-json\/wp\/v2\/types\/post"}],"author":[{"embeddable":true,"href":"https:\/\/www.pilsa.com\/info\/es\/wp-json\/wp\/v2\/users\/1"}],"replies":[{"embeddable":true,"href":"https:\/\/www.pilsa.com\/info\/es\/wp-json\/wp\/v2\/comments?post=607"}],"version-history":[{"count":1,"href":"https:\/\/www.pilsa.com\/info\/es\/wp-json\/wp\/v2\/posts\/607\/revisions"}],"predecessor-version":[{"id":1603,"href":"https:\/\/www.pilsa.com\/info\/es\/wp-json\/wp\/v2\/posts\/607\/revisions\/1603"}],"wp:featuredmedia":[{"embeddable":true,"href":"https:\/\/www.pilsa.com\/info\/es\/wp-json\/wp\/v2\/media\/608"}],"wp:attachment":[{"href":"https:\/\/www.pilsa.com\/info\/es\/wp-json\/wp\/v2\/media?parent=607"}],"wp:term":[{"taxonomy":"category","embeddable":true,"href":"https:\/\/www.pilsa.com\/info\/es\/wp-json\/wp\/v2\/categories?post=607"},{"taxonomy":"post_tag","embeddable":true,"href":"https:\/\/www.pilsa.com\/info\/es\/wp-json\/wp\/v2\/tags?post=607"}],"curies":[{"name":"wp","href":"https:\/\/api.w.org\/{rel}","templated":true}]}}